{"id":4472,"date":"2023-11-11T21:59:18","date_gmt":"2023-11-12T03:59:18","guid":{"rendered":"https:\/\/boletinfacs.com.mx\/?p=4472"},"modified":"2023-12-11T13:19:46","modified_gmt":"2023-12-11T19:19:46","slug":"1a-reunion-de-egresadas-de-enfermeria","status":"publish","type":"post","link":"https:\/\/boletinfacs.com.mx\/index.php\/2023\/11\/11\/1a-reunion-de-egresadas-de-enfermeria\/","title":{"rendered":"1a. Reuni\u00f3n de Egresadas de Enfermer\u00eda"},"content":{"rendered":"\t\t<div data-elementor-type=\"wp-post\" data-elementor-id=\"4472\" class=\"elementor elementor-4472\">\n\t\t\t\t\t\t<section class=\"elementor-section elementor-top-section elementor-element elementor-element-f59c6bf elementor-section-boxed elementor-section-height-default elementor-section-height-default\" data-id=\"f59c6bf\" data-element_type=\"section\" data-e-type=\"section\">\n\t\t\t\t\t\t<div class=\"elementor-container elementor-column-gap-default\">\n\t\t\t\t\t<div class=\"elementor-column elementor-col-100 elementor-top-column elementor-element elementor-element-c199a32\" data-id=\"c199a32\" data-element_type=\"column\" data-e-type=\"column\">\n\t\t\t<div class=\"elementor-widget-wrap elementor-element-populated\">\n\t\t\t\t\t\t<div class=\"elementor-element elementor-element-b81cf3e elementor-widget elementor-widget-text-editor\" data-id=\"b81cf3e\" data-element_type=\"widget\" data-e-type=\"widget\" data-widget_type=\"text-editor.default\">\n\t\t\t\t<div class=\"elementor-widget-container\">\n\t\t\t\t\t\t\t\t\t<p>El pasado 11 de noviembre se realiz\u00f3 la Primera Reuni\u00f3n de Egresadas de la Escuela de<br \/>Enfermer\u00eda de la UP.<\/p><p>La reuni\u00f3n convoc\u00f3 a m\u00e1s de 50 egresadas \u2014de 20 de las 23 generaciones\u2014 que<br \/>regresaron a su alma mater.<\/p><p>Como antelaci\u00f3n a este evento, las egresadas hicieron llegar a la Escuela fotos de su paso<br \/>por las aulas y sus rotaciones, y al ver proyectadas estas im\u00e1gnes se vivi\u00f3 un ambiente\u00a0de<br \/>gran alegr\u00eda, lo que provoc\u00f3 una convivencia entre generaciones.\u00a0<\/p><p>En la primera parte del encuentro la <strong>Mtra. Jessica Guti\u00e9rrez<\/strong>, directora de la Escuela de<br \/>Enfermer\u00eda, comparti\u00f3 la historia de la Escuela. Por su parte, la <strong>Dra. St\u00e9phanie Derive<\/strong>,<br \/>decana de la Facultad de Ciencias de la Salud, inform\u00f3 del futuro de la Facultad hacia<br \/>Bosque Real.<\/p><p>Sin duda el momento m\u00e1s emotivo fue el homenaje que se hizo a las egresadas\u00a0<strong>Viviana<\/strong><br \/><strong>Guti\u00e9rrez Palomares<\/strong>, de la primera generaci\u00f3n y profesora de Enfermer\u00eda Quir\u00fargica,<br \/><strong>Mar\u00eda Fernanda Talayero Garc\u00eda<\/strong>, de la novena generaci\u00f3n, y al profesor <strong>Jos\u00e9 Miguel<\/strong><br \/><strong>G\u00f3mez<\/strong>, quienes perdieron la vida en este 2023.<\/p><p>Por \u00faltimo, la convivencia entre generaciones se enriqueci\u00f3 gracias a las din\u00e1micas, en las<br \/>que hubo algunas ganadoras de panteras y sudaderas.\u00a0<\/p><p>\u00a1Felicidades a las egresadas de la Escuela de Enfermer\u00eda por estar en este primer encuentro,<br \/>esperamos recibirlas muy pronto!<\/p>\t\t\t\t\t\t\t\t<\/div>\n\t\t\t\t<\/div>\n\t\t\t\t\t<\/div>\n\t\t<\/div>\n\t\t\t\t\t<\/div>\n\t\t<\/section>\n\t\t\t\t<section class=\"elementor-section elementor-top-section elementor-element elementor-element-41a5d34 elementor-section-boxed elementor-section-height-default elementor-section-height-default\" data-id=\"41a5d34\" data-element_type=\"section\" data-e-type=\"section\">\n\t\t\t\t\t\t<div class=\"elementor-container elementor-column-gap-default\">\n\t\t\t\t\t<div class=\"elementor-column elementor-col-100 elementor-top-column elementor-element elementor-element-cd6cee5\" data-id=\"cd6cee5\" data-element_type=\"column\" data-e-type=\"column\">\n\t\t\t<div class=\"elementor-widget-wrap elementor-element-populated\">\n\t\t\t\t\t\t<div class=\"elementor-element elementor-element-870b78b elementor-widget elementor-widget-image\" data-id=\"870b78b\" data-element_type=\"widget\" data-e-type=\"widget\" data-widget_type=\"image.default\">\n\t\t\t\t<div class=\"elementor-widget-container\">\n\t\t\t\t\t\t\t\t\t\t\t\t\t\t\t<img fetchpriority=\"high\" decoding=\"async\" width=\"640\" height=\"493\" src=\"https:\/\/boletinfacs.com.mx\/wp-content\/uploads\/2023\/11\/MAESTRIA-EN-TERAPIA-DE-HERIDAS-ESTOMAS-Y-QUEMADURAS-32-e1701231161984-1024x788.jpg\" class=\"attachment-large size-large wp-image-4484\" alt=\"\" srcset=\"https:\/\/boletinfacs.com.mx\/wp-content\/uploads\/2023\/11\/MAESTRIA-EN-TERAPIA-DE-HERIDAS-ESTOMAS-Y-QUEMADURAS-32-e1701231161984-1024x788.jpg 1024w, https:\/\/boletinfacs.com.mx\/wp-content\/uploads\/2023\/11\/MAESTRIA-EN-TERAPIA-DE-HERIDAS-ESTOMAS-Y-QUEMADURAS-32-e1701231161984-300x231.jpg 300w, https:\/\/boletinfacs.com.mx\/wp-content\/uploads\/2023\/11\/MAESTRIA-EN-TERAPIA-DE-HERIDAS-ESTOMAS-Y-QUEMADURAS-32-e1701231161984-768x591.jpg 768w, https:\/\/boletinfacs.com.mx\/wp-content\/uploads\/2023\/11\/MAESTRIA-EN-TERAPIA-DE-HERIDAS-ESTOMAS-Y-QUEMADURAS-32-e1701231161984.jpg 1080w\" sizes=\"(max-width: 640px) 100vw, 640px\" \/>\t\t\t\t\t\t\t\t\t\t\t\t\t\t\t<\/div>\n\t\t\t\t<\/div>\n\t\t\t\t\t<\/div>\n\t\t<\/div>\n\t\t\t\t\t<\/div>\n\t\t<\/section>\n\t\t\t\t<section class=\"elementor-section elementor-top-section elementor-element elementor-element-f0953f0 elementor-section-boxed elementor-section-height-default elementor-section-height-default\" data-id=\"f0953f0\" data-element_type=\"section\" data-e-type=\"section\">\n\t\t\t\t\t\t<div class=\"elementor-container elementor-column-gap-default\">\n\t\t\t\t\t<div class=\"elementor-column elementor-col-100 elementor-top-column elementor-element elementor-element-73ae1d8\" data-id=\"73ae1d8\" data-element_type=\"column\" data-e-type=\"column\">\n\t\t\t<div class=\"elementor-widget-wrap elementor-element-populated\">\n\t\t\t\t\t\t<div class=\"elementor-element elementor-element-e4f193c elementor-widget elementor-widget-text-editor\" data-id=\"e4f193c\" data-element_type=\"widget\" data-e-type=\"widget\" data-widget_type=\"text-editor.default\">\n\t\t\t\t<div class=\"elementor-widget-container\">\n\t\t\t\t\t\t\t\t\t<p>La convivencia entre generaciones se enriqueci\u00f3 gracias a las din\u00e1micas que se realizaron en las que todas participaron y hubo algunas ganadoras de panteras y sudaderas.\u00a0<\/p>\t\t\t\t\t\t\t\t<\/div>\n\t\t\t\t<\/div>\n\t\t\t\t\t<\/div>\n\t\t<\/div>\n\t\t\t\t\t<\/div>\n\t\t<\/section>\n\t\t\t\t<section class=\"elementor-section elementor-top-section elementor-element elementor-element-fcb1d69 elementor-section-boxed elementor-section-height-default elementor-section-height-default\" data-id=\"fcb1d69\" data-element_type=\"section\" data-e-type=\"section\">\n\t\t\t\t\t\t<div class=\"elementor-container elementor-column-gap-default\">\n\t\t\t\t\t<div class=\"elementor-column elementor-col-100 elementor-top-column elementor-element elementor-element-6e88504\" data-id=\"6e88504\" data-element_type=\"column\" data-e-type=\"column\">\n\t\t\t<div class=\"elementor-widget-wrap elementor-element-populated\">\n\t\t\t\t\t\t<div class=\"elementor-element elementor-element-124eeb9 elementor-widget elementor-widget-image\" data-id=\"124eeb9\" data-element_type=\"widget\" data-e-type=\"widget\" data-widget_type=\"image.default\">\n\t\t\t\t<div class=\"elementor-widget-container\">\n\t\t\t\t\t\t\t\t\t\t\t\t\t\t\t<img decoding=\"async\" width=\"640\" height=\"418\" src=\"https:\/\/boletinfacs.com.mx\/wp-content\/uploads\/2023\/11\/MAESTRIA-EN-TERAPIA-DE-HERIDAS-ESTOMAS-Y-QUEMADURAS-33-e1701231198670-1024x668.jpg\" class=\"attachment-large size-large wp-image-4483\" alt=\"\" srcset=\"https:\/\/boletinfacs.com.mx\/wp-content\/uploads\/2023\/11\/MAESTRIA-EN-TERAPIA-DE-HERIDAS-ESTOMAS-Y-QUEMADURAS-33-e1701231198670-1024x668.jpg 1024w, https:\/\/boletinfacs.com.mx\/wp-content\/uploads\/2023\/11\/MAESTRIA-EN-TERAPIA-DE-HERIDAS-ESTOMAS-Y-QUEMADURAS-33-e1701231198670-300x196.jpg 300w, https:\/\/boletinfacs.com.mx\/wp-content\/uploads\/2023\/11\/MAESTRIA-EN-TERAPIA-DE-HERIDAS-ESTOMAS-Y-QUEMADURAS-33-e1701231198670-768x501.jpg 768w, https:\/\/boletinfacs.com.mx\/wp-content\/uploads\/2023\/11\/MAESTRIA-EN-TERAPIA-DE-HERIDAS-ESTOMAS-Y-QUEMADURAS-33-e1701231198670.jpg 1080w\" sizes=\"(max-width: 640px) 100vw, 640px\" \/>\t\t\t\t\t\t\t\t\t\t\t\t\t\t\t<\/div>\n\t\t\t\t<\/div>\n\t\t\t\t\t<\/div>\n\t\t<\/div>\n\t\t\t\t\t<\/div>\n\t\t<\/section>\n\t\t\t\t<section class=\"elementor-section elementor-top-section elementor-element elementor-element-9219607 elementor-section-boxed elementor-section-height-default elementor-section-height-default\" data-id=\"9219607\" data-element_type=\"section\" data-e-type=\"section\">\n\t\t\t\t\t\t<div class=\"elementor-container elementor-column-gap-default\">\n\t\t\t\t\t<div class=\"elementor-column elementor-col-100 elementor-top-column elementor-element elementor-element-fe90013\" data-id=\"fe90013\" data-element_type=\"column\" data-e-type=\"column\">\n\t\t\t<div class=\"elementor-widget-wrap elementor-element-populated\">\n\t\t\t\t\t\t<div class=\"elementor-element elementor-element-42f8520 elementor-widget elementor-widget-text-editor\" data-id=\"42f8520\" data-element_type=\"widget\" data-e-type=\"widget\" data-widget_type=\"text-editor.default\">\n\t\t\t\t<div class=\"elementor-widget-container\">\n\t\t\t\t\t\t\t\t\t<p>Felicidades egresadas de la Escuela de Enfermer\u00eda por lograr este primer encuentro, esperamos verlas muy pronto de regreso en su casa.<\/p>\t\t\t\t\t\t\t\t<\/div>\n\t\t\t\t<\/div>\n\t\t\t\t\t<\/div>\n\t\t<\/div>\n\t\t\t\t\t<\/div>\n\t\t<\/section>\n\t\t\t\t<\/div>\n\t\t","protected":false},"excerpt":{"rendered":"<p>El pasado 11 de noviembre se realiz\u00f3 la Primera Reuni\u00f3n de Egresadas de la Escuela deEnfermer\u00eda de la UP. La reuni\u00f3n convoc\u00f3 a m\u00e1s de<\/p>\n","protected":false},"author":7,"featured_media":4474,"comment_status":"open","ping_status":"open","sticky":false,"template":"","format":"standard","meta":{"om_disable_all_campaigns":false,"_uag_custom_page_level_css":"","_monsterinsights_skip_tracking":false,"_monsterinsights_sitenote_active":false,"_monsterinsights_sitenote_note":"","_monsterinsights_sitenote_category":0,"footnotes":""},"categories":[8,14],"tags":[],"class_list":["post-4472","post","type-post","status-publish","format-standard","has-post-thumbnail","hentry","category-eeup","category-facs"],"aioseo_notices":[],"uagb_featured_image_src":{"full":["https:\/\/boletinfacs.com.mx\/wp-content\/uploads\/2023\/11\/MAESTRIA-EN-TERAPIA-DE-HERIDAS-ESTOMAS-Y-QUEMADURAS-31.jpg",1080,1080,false],"thumbnail":["https:\/\/boletinfacs.com.mx\/wp-content\/uploads\/2023\/11\/MAESTRIA-EN-TERAPIA-DE-HERIDAS-ESTOMAS-Y-QUEMADURAS-31-150x150.jpg",150,150,true],"medium":["https:\/\/boletinfacs.com.mx\/wp-content\/uploads\/2023\/11\/MAESTRIA-EN-TERAPIA-DE-HERIDAS-ESTOMAS-Y-QUEMADURAS-31-300x300.jpg",300,300,true],"medium_large":["https:\/\/boletinfacs.com.mx\/wp-content\/uploads\/2023\/11\/MAESTRIA-EN-TERAPIA-DE-HERIDAS-ESTOMAS-Y-QUEMADURAS-31-768x768.jpg",640,640,true],"large":["https:\/\/boletinfacs.com.mx\/wp-content\/uploads\/2023\/11\/MAESTRIA-EN-TERAPIA-DE-HERIDAS-ESTOMAS-Y-QUEMADURAS-31-1024x1024.jpg",640,640,true],"1536x1536":["https:\/\/boletinfacs.com.mx\/wp-content\/uploads\/2023\/11\/MAESTRIA-EN-TERAPIA-DE-HERIDAS-ESTOMAS-Y-QUEMADURAS-31.jpg",1080,1080,false],"2048x2048":["https:\/\/boletinfacs.com.mx\/wp-content\/uploads\/2023\/11\/MAESTRIA-EN-TERAPIA-DE-HERIDAS-ESTOMAS-Y-QUEMADURAS-31.jpg",1080,1080,false],"fairy-large":["https:\/\/boletinfacs.com.mx\/wp-content\/uploads\/2023\/11\/MAESTRIA-EN-TERAPIA-DE-HERIDAS-ESTOMAS-Y-QUEMADURAS-31-1080x606.jpg",1080,606,true],"fairy-medium":["https:\/\/boletinfacs.com.mx\/wp-content\/uploads\/2023\/11\/MAESTRIA-EN-TERAPIA-DE-HERIDAS-ESTOMAS-Y-QUEMADURAS-31-800x600.jpg",800,600,true]},"uagb_author_info":{"display_name":"Escuela de Enfermeria","author_link":"https:\/\/boletinfacs.com.mx\/index.php\/author\/escuela-de-enfermeria\/"},"uagb_comment_info":0,"uagb_excerpt":"El pasado 11 de noviembre se realiz\u00f3 la Primera Reuni\u00f3n de Egresadas de la Escuela deEnfermer\u00eda de la UP. La reuni\u00f3n convoc\u00f3 a m\u00e1s de","_links":{"self":[{"href":"https:\/\/boletinfacs.com.mx\/index.php\/wp-json\/wp\/v2\/posts\/4472","targetHints":{"allow":["GET"]}}],"collection":[{"href":"https:\/\/boletinfacs.com.mx\/index.php\/wp-json\/wp\/v2\/posts"}],"about":[{"href":"https:\/\/boletinfacs.com.mx\/index.php\/wp-json\/wp\/v2\/types\/post"}],"author":[{"embeddable":true,"href":"https:\/\/boletinfacs.com.mx\/index.php\/wp-json\/wp\/v2\/users\/7"}],"replies":[{"embeddable":true,"href":"https:\/\/boletinfacs.com.mx\/index.php\/wp-json\/wp\/v2\/comments?post=4472"}],"version-history":[{"count":34,"href":"https:\/\/boletinfacs.com.mx\/index.php\/wp-json\/wp\/v2\/posts\/4472\/revisions"}],"predecessor-version":[{"id":4731,"href":"https:\/\/boletinfacs.com.mx\/index.php\/wp-json\/wp\/v2\/posts\/4472\/revisions\/4731"}],"wp:featuredmedia":[{"embeddable":true,"href":"https:\/\/boletinfacs.com.mx\/index.php\/wp-json\/wp\/v2\/media\/4474"}],"wp:attachment":[{"href":"https:\/\/boletinfacs.com.mx\/index.php\/wp-json\/wp\/v2\/media?parent=4472"}],"wp:term":[{"taxonomy":"category","embeddable":true,"href":"https:\/\/boletinfacs.com.mx\/index.php\/wp-json\/wp\/v2\/categories?post=4472"},{"taxonomy":"post_tag","embeddable":true,"href":"https:\/\/boletinfacs.com.mx\/index.php\/wp-json\/wp\/v2\/tags?post=4472"}],"curies":[{"name":"wp","href":"https:\/\/api.w.org\/{rel}","templated":true}]}}