{"id":4549,"date":"2023-09-08T12:19:24","date_gmt":"2023-09-08T17:19:24","guid":{"rendered":"https:\/\/boletinfacs.com.mx\/?p=4549"},"modified":"2023-12-04T14:51:17","modified_gmt":"2023-12-04T20:51:17","slug":"iv-simposio-de-medicina-virtual-avances-terapeuticos","status":"publish","type":"post","link":"https:\/\/boletinfacs.com.mx\/index.php\/2023\/09\/08\/iv-simposio-de-medicina-virtual-avances-terapeuticos\/","title":{"rendered":"IV. Simposio de Medicina Virtual &#038; Avances Terap\u00e9uticos."},"content":{"rendered":"\t\t<div data-elementor-type=\"wp-post\" data-elementor-id=\"4549\" class=\"elementor elementor-4549\">\n\t\t\t\t\t\t<section class=\"elementor-section elementor-top-section elementor-element elementor-element-979f768 elementor-section-boxed elementor-section-height-default elementor-section-height-default\" data-id=\"979f768\" data-element_type=\"section\" data-e-type=\"section\">\n\t\t\t\t\t\t<div class=\"elementor-container elementor-column-gap-default\">\n\t\t\t\t\t<div class=\"elementor-column elementor-col-100 elementor-top-column elementor-element elementor-element-aedbc8c\" data-id=\"aedbc8c\" data-element_type=\"column\" data-e-type=\"column\">\n\t\t\t<div class=\"elementor-widget-wrap elementor-element-populated\">\n\t\t\t\t\t\t<div class=\"elementor-element elementor-element-2f914fd elementor-widget elementor-widget-text-editor\" data-id=\"2f914fd\" data-element_type=\"widget\" data-e-type=\"widget\" data-widget_type=\"text-editor.default\">\n\t\t\t\t<div class=\"elementor-widget-container\">\n\t\t\t\t\t\t\t\t\t<p><span style=\"font-weight: 400;\">Con motivo de la celebraci\u00f3n de sus primeros 25 a\u00f1os, el pasado 8 de septiembre la Escuela de Medicina de la Universidad Panamericana organiz\u00f3 el IV Simposio de Medicina Virtual y Avances Terap\u00e9uticos, en el que expertos internacionales y nacionales presentaron datos relevantes de este campo.\u00a0<\/span><\/p>\t\t\t\t\t\t\t\t<\/div>\n\t\t\t\t<\/div>\n\t\t\t\t\t<\/div>\n\t\t<\/div>\n\t\t\t\t\t<\/div>\n\t\t<\/section>\n\t\t\t\t<section class=\"elementor-section elementor-top-section elementor-element elementor-element-724289a elementor-section-boxed elementor-section-height-default elementor-section-height-default\" data-id=\"724289a\" data-element_type=\"section\" data-e-type=\"section\">\n\t\t\t\t\t\t<div class=\"elementor-container elementor-column-gap-default\">\n\t\t\t\t\t<div class=\"elementor-column elementor-col-100 elementor-top-column elementor-element elementor-element-759fed9\" data-id=\"759fed9\" data-element_type=\"column\" data-e-type=\"column\">\n\t\t\t<div class=\"elementor-widget-wrap elementor-element-populated\">\n\t\t\t\t\t\t<div class=\"elementor-element elementor-element-d9ccdf3 elementor-widget elementor-widget-image\" data-id=\"d9ccdf3\" data-element_type=\"widget\" data-e-type=\"widget\" data-widget_type=\"image.default\">\n\t\t\t\t<div class=\"elementor-widget-container\">\n\t\t\t\t\t\t\t\t\t\t\t\t\t\t\t<img fetchpriority=\"high\" decoding=\"async\" width=\"640\" height=\"429\" src=\"https:\/\/boletinfacs.com.mx\/wp-content\/uploads\/2023\/12\/Dr.-Tomas-Obrador.png\" class=\"attachment-large size-large wp-image-4561\" alt=\"\" srcset=\"https:\/\/boletinfacs.com.mx\/wp-content\/uploads\/2023\/12\/Dr.-Tomas-Obrador.png 993w, https:\/\/boletinfacs.com.mx\/wp-content\/uploads\/2023\/12\/Dr.-Tomas-Obrador-300x201.png 300w, https:\/\/boletinfacs.com.mx\/wp-content\/uploads\/2023\/12\/Dr.-Tomas-Obrador-768x515.png 768w\" sizes=\"(max-width: 640px) 100vw, 640px\" \/>\t\t\t\t\t\t\t\t\t\t\t\t\t\t\t<\/div>\n\t\t\t\t<\/div>\n\t\t\t\t\t<\/div>\n\t\t<\/div>\n\t\t\t\t\t<\/div>\n\t\t<\/section>\n\t\t\t\t<section class=\"elementor-section elementor-top-section elementor-element elementor-element-a804972 elementor-section-boxed elementor-section-height-default elementor-section-height-default\" data-id=\"a804972\" data-element_type=\"section\" data-e-type=\"section\">\n\t\t\t\t\t\t<div class=\"elementor-container elementor-column-gap-default\">\n\t\t\t\t\t<div class=\"elementor-column elementor-col-100 elementor-top-column elementor-element elementor-element-66b8788\" data-id=\"66b8788\" data-element_type=\"column\" data-e-type=\"column\">\n\t\t\t<div class=\"elementor-widget-wrap elementor-element-populated\">\n\t\t\t\t\t\t<div class=\"elementor-element elementor-element-4447ed7 elementor-widget elementor-widget-text-editor\" data-id=\"4447ed7\" data-element_type=\"widget\" data-e-type=\"widget\" data-widget_type=\"text-editor.default\">\n\t\t\t\t<div class=\"elementor-widget-container\">\n\t\t\t\t\t\t\t\t\t<p>En su mensaje de bienvenida, el Dr. Gregorio T. Obrador Vera, director general de salud de la UP, destac\u00f3 la importancia de la innovaci\u00f3n tecnol\u00f3gica en la medicina y la atenci\u00f3n m\u00e9dica: \u00abLa celebraci\u00f3n del 25 aniversario de la Escuela de Medicina sirve como un hito significativo para reflexionar sobre los avances y logros en el campo de la medicina, particularmente en el contexto de la pandemia mundial\u00bb coment\u00f3.<\/p><p>La <span style=\"font-weight: 400;\">rob\u00f3tica, la imagenolog\u00eda, la inteligencia artificial y la biolog\u00eda molecular est\u00e1n transformando diversas \u00e1reas de la salud, donde se refleja la necesidad de la integraci\u00f3n de nuevas tecnolog\u00edas en la pr\u00e1ctica m\u00e9dica y la educaci\u00f3n m\u00e9dica. Estos avances tecnol\u00f3gicos han revolucionado la forma en que se llevan a cabo los procedimientos quir\u00fargicos, se realizan diagn\u00f3sticos m\u00e9dicos y se desarrollan terapias efectivas, lo que tiene un impacto significativo en la mejora de los resultados de salud y en la calidad de vida de las personas.<\/span><\/p><p><span style=\"font-weight: 400;\">Asimismo, el Dr. Obrador resalt\u00f3 la importancia de la colaboraci\u00f3n y el intercambio de conocimientos en el \u00e1mbito de la medicina. \u00abEl compromiso continuo con la excelencia y la innovaci\u00f3n en la atenci\u00f3n m\u00e9dica juega un momento crucial, en el que la tecnolog\u00eda desempe\u00f1a un papel cada vez m\u00e1s importante en el avance de la salud y el bienestar de la sociedad\u201d\u00bb, agreg\u00f3.<\/span><\/p>\t\t\t\t\t\t\t\t<\/div>\n\t\t\t\t<\/div>\n\t\t\t\t\t<\/div>\n\t\t<\/div>\n\t\t\t\t\t<\/div>\n\t\t<\/section>\n\t\t\t\t<section class=\"elementor-section elementor-top-section elementor-element elementor-element-37333c9 elementor-section-boxed elementor-section-height-default elementor-section-height-default\" data-id=\"37333c9\" data-element_type=\"section\" data-e-type=\"section\">\n\t\t\t\t\t\t<div class=\"elementor-container elementor-column-gap-default\">\n\t\t\t\t\t<div class=\"elementor-column elementor-col-100 elementor-top-column elementor-element elementor-element-254684a\" data-id=\"254684a\" data-element_type=\"column\" data-e-type=\"column\">\n\t\t\t<div class=\"elementor-widget-wrap elementor-element-populated\">\n\t\t\t\t\t\t<div class=\"elementor-element elementor-element-40d2055 elementor-widget elementor-widget-image\" data-id=\"40d2055\" data-element_type=\"widget\" data-e-type=\"widget\" data-widget_type=\"image.default\">\n\t\t\t\t<div class=\"elementor-widget-container\">\n\t\t\t\t\t\t\t\t\t\t\t\t\t\t\t<img decoding=\"async\" width=\"640\" height=\"418\" src=\"https:\/\/boletinfacs.com.mx\/wp-content\/uploads\/2023\/12\/Dr.-Richard-Satava.png\" class=\"attachment-large size-large wp-image-4565\" alt=\"\" srcset=\"https:\/\/boletinfacs.com.mx\/wp-content\/uploads\/2023\/12\/Dr.-Richard-Satava.png 1016w, https:\/\/boletinfacs.com.mx\/wp-content\/uploads\/2023\/12\/Dr.-Richard-Satava-300x196.png 300w, https:\/\/boletinfacs.com.mx\/wp-content\/uploads\/2023\/12\/Dr.-Richard-Satava-768x501.png 768w\" sizes=\"(max-width: 640px) 100vw, 640px\" \/>\t\t\t\t\t\t\t\t\t\t\t\t\t\t\t<\/div>\n\t\t\t\t<\/div>\n\t\t\t\t\t<\/div>\n\t\t<\/div>\n\t\t\t\t\t<\/div>\n\t\t<\/section>\n\t\t\t\t<section class=\"elementor-section elementor-top-section elementor-element elementor-element-faa4ae3 elementor-section-boxed elementor-section-height-default elementor-section-height-default\" data-id=\"faa4ae3\" data-element_type=\"section\" data-e-type=\"section\">\n\t\t\t\t\t\t<div class=\"elementor-container elementor-column-gap-default\">\n\t\t\t\t\t<div class=\"elementor-column elementor-col-100 elementor-top-column elementor-element elementor-element-a5b4e4c\" data-id=\"a5b4e4c\" data-element_type=\"column\" data-e-type=\"column\">\n\t\t\t<div class=\"elementor-widget-wrap elementor-element-populated\">\n\t\t\t\t\t\t<div class=\"elementor-element elementor-element-2e8730e elementor-widget elementor-widget-text-editor\" data-id=\"2e8730e\" data-element_type=\"widget\" data-e-type=\"widget\" data-widget_type=\"text-editor.default\">\n\t\t\t\t<div class=\"elementor-widget-container\">\n\t\t\t\t\t\t\t\t\t<p><span style=\"font-weight: 400;\">En la conferencia titulada <em><strong>\u201cHow Does Artificial Intelligence Work In Healthcare\u201d<\/strong><\/em>, el Dr. Richard Satava, profesor em\u00e9rito de Cirug\u00eda de la Universidad de Washington, abord\u00f3 la descripci\u00f3n detallada sobre la aplicaci\u00f3n de la inteligencia artificial en el campo de la medicina: \u00abLa capacidad de la IA para procesar grandes vol\u00famenes de datos y detectar patrones complejos ha demostrado ser invaluable en el \u00e1mbito cl\u00ednico, proporcionando a los m\u00e9dicos y profesionales de la salud herramientas poderosas para mejorar la precisi\u00f3n y la efectividad de los diagn\u00f3sticos y tratamientos\u00bb coment\u00f3.<\/span><\/p><p><span style=\"font-weight: 400;\">La asistencia de los sistemas de IA en la toma de decisiones cl\u00ednicas, el diagn\u00f3stico y la personalizaci\u00f3n de los planes de tratamiento destaca c\u00f3mo esta tecnolog\u00eda puede contribuir significativamente a una atenci\u00f3n m\u00e9dica m\u00e1s precisa y efectiva. Al permitir un enfoque m\u00e1s personalizado para cada paciente, la IA ofrece la posibilidad de mejorar los resultados de salud y acelerar los tiempos de recuperaci\u00f3n, lo que beneficia directamente a los pacientes.<\/span><\/p><p><span style=\"font-weight: 400;\">En el \u00e1mbito de la cirug\u00eda, la tecnolog\u00eda rob\u00f3tica ha demostrado ser una herramienta valiosa que puede asistir a los cirujanos durante los procedimientos, mejorando la precisi\u00f3n y reduciendo los riesgos asociados con ciertas intervenciones quir\u00fargicas. La integraci\u00f3n de la tecnolog\u00eda rob\u00f3tica en la cirug\u00eda ha permitido realizar procedimientos m\u00e1s precisos y menos invasivos, lo que se traduce en tiempos de recuperaci\u00f3n m\u00e1s r\u00e1pidos y en una mejor calidad de vida para los pacientes.<\/span><\/p><p><span style=\"font-weight: 400;\">En resumen, dijo,\u00a0 la aplicaci\u00f3n de la inteligencia artificial en la medicina ha tra\u00eddo consigo avances significativos, tanto como para diagn\u00f3stico, tratamiento y atenci\u00f3n m\u00e9dica en general. La combinaci\u00f3n de la IA con la tecnolog\u00eda rob\u00f3tica ha revolucionado la forma en que se realizan los procedimientos m\u00e9dicos, brindando nuevas oportunidades para mejorar la calidad de vida de las personas y promover resultados de salud m\u00e1s favorables.<\/span><\/p>\t\t\t\t\t\t\t\t<\/div>\n\t\t\t\t<\/div>\n\t\t\t\t\t<\/div>\n\t\t<\/div>\n\t\t\t\t\t<\/div>\n\t\t<\/section>\n\t\t\t\t<section class=\"elementor-section elementor-top-section elementor-element elementor-element-ed518f2 elementor-section-boxed elementor-section-height-default elementor-section-height-default\" data-id=\"ed518f2\" data-element_type=\"section\" data-e-type=\"section\">\n\t\t\t\t\t\t<div class=\"elementor-container elementor-column-gap-default\">\n\t\t\t\t\t<div class=\"elementor-column elementor-col-100 elementor-top-column elementor-element elementor-element-daa1a70\" data-id=\"daa1a70\" data-element_type=\"column\" data-e-type=\"column\">\n\t\t\t<div class=\"elementor-widget-wrap elementor-element-populated\">\n\t\t\t\t\t\t<div class=\"elementor-element elementor-element-6064a00 elementor-widget elementor-widget-image\" data-id=\"6064a00\" data-element_type=\"widget\" data-e-type=\"widget\" data-widget_type=\"image.default\">\n\t\t\t\t<div class=\"elementor-widget-container\">\n\t\t\t\t\t\t\t\t\t\t\t\t\t\t\t<img decoding=\"async\" width=\"640\" height=\"452\" src=\"https:\/\/boletinfacs.com.mx\/wp-content\/uploads\/2023\/12\/Dr.-Jacques-Marescaux.png\" class=\"attachment-large size-large wp-image-4570\" alt=\"\" srcset=\"https:\/\/boletinfacs.com.mx\/wp-content\/uploads\/2023\/12\/Dr.-Jacques-Marescaux.png 897w, https:\/\/boletinfacs.com.mx\/wp-content\/uploads\/2023\/12\/Dr.-Jacques-Marescaux-300x212.png 300w, https:\/\/boletinfacs.com.mx\/wp-content\/uploads\/2023\/12\/Dr.-Jacques-Marescaux-768x542.png 768w\" sizes=\"(max-width: 640px) 100vw, 640px\" \/>\t\t\t\t\t\t\t\t\t\t\t\t\t\t\t<\/div>\n\t\t\t\t<\/div>\n\t\t\t\t\t<\/div>\n\t\t<\/div>\n\t\t\t\t\t<\/div>\n\t\t<\/section>\n\t\t\t\t<section class=\"elementor-section elementor-top-section elementor-element elementor-element-5ca09a6 elementor-section-boxed elementor-section-height-default elementor-section-height-default\" data-id=\"5ca09a6\" data-element_type=\"section\" data-e-type=\"section\">\n\t\t\t\t\t\t<div class=\"elementor-container elementor-column-gap-default\">\n\t\t\t\t\t<div class=\"elementor-column elementor-col-100 elementor-top-column elementor-element elementor-element-8a257d1\" data-id=\"8a257d1\" data-element_type=\"column\" data-e-type=\"column\">\n\t\t\t<div class=\"elementor-widget-wrap elementor-element-populated\">\n\t\t\t\t\t\t<div class=\"elementor-element elementor-element-471da00 elementor-widget elementor-widget-text-editor\" data-id=\"471da00\" data-element_type=\"widget\" data-e-type=\"widget\" data-widget_type=\"text-editor.default\">\n\t\t\t\t<div class=\"elementor-widget-container\">\n\t\t\t\t\t\t\t\t\t<p><span style=\"font-weight: 400;\">Por su <em>parte,<\/em> el Dr. Jacques Marescaux, MD, presidente del Institut de Recherche contre les Cancers de l\u2019Appareil Digestif, habl\u00f3 durante su conferencia titulada<\/span><em><strong> \u201c<\/strong><\/em><span style=\"font-weight: 400;\"><em><strong>Imaging, Robotics, And Artificial Intelligence: The Three Weapons Of Choice To Achieve a Smart Surgery\u201d,<\/strong><\/em> sobre la combinaci\u00f3n de la rob\u00f3tica, la imagenolog\u00eda y la inteligencia artificial como la mejor forma de hacer cirug\u00eda inteligente. <\/span><span style=\"font-weight: 400;\">\u00ab<\/span><span style=\"font-weight: 400;\">Los avances en la cirug\u00eda asistida por robots y la integraci\u00f3n de la inteligencia artificial en el campo de la medicina est\u00e1n generando un cambio significativo en la forma en que se llevan a cabo los procedimientos quir\u00fargicos. El \u00e9nfasis en la calidad de los datos, el respeto al tri\u00e1ngulo de seguridad y la capacitaci\u00f3n adecuada de los m\u00e9dicos son aspectos cr\u00edticos para garantizar el \u00e9xito de la cirug\u00eda inteligente; asimismo, la implementaci\u00f3n efectiva de la tecnolog\u00eda en el \u00e1mbito cl\u00ednico, un buen diagn\u00f3stico y planificaci\u00f3n del procedimiento quir\u00fargico<\/span><span style=\"font-weight: 400;\">\u00bb<\/span><span style=\"font-weight: 400;\">, se\u00f1al\u00f3 el pionero de la cirug\u00eda de m\u00ednima invasi\u00f3n.<\/span><\/p>\t\t\t\t\t\t\t\t<\/div>\n\t\t\t\t<\/div>\n\t\t\t\t\t<\/div>\n\t\t<\/div>\n\t\t\t\t\t<\/div>\n\t\t<\/section>\n\t\t\t\t<section class=\"elementor-section elementor-top-section elementor-element elementor-element-e1ed311 elementor-section-boxed elementor-section-height-default elementor-section-height-default\" data-id=\"e1ed311\" data-element_type=\"section\" data-e-type=\"section\">\n\t\t\t\t\t\t<div class=\"elementor-container elementor-column-gap-default\">\n\t\t\t\t\t<div class=\"elementor-column elementor-col-100 elementor-top-column elementor-element elementor-element-d919b58\" data-id=\"d919b58\" data-element_type=\"column\" data-e-type=\"column\">\n\t\t\t<div class=\"elementor-widget-wrap elementor-element-populated\">\n\t\t\t\t\t\t<div class=\"elementor-element elementor-element-c28ddce elementor-widget elementor-widget-text-editor\" data-id=\"c28ddce\" data-element_type=\"widget\" data-e-type=\"widget\" data-widget_type=\"text-editor.default\">\n\t\t\t\t<div class=\"elementor-widget-container\">\n\t\t\t\t\t\t\t\t\t<p><span style=\"font-weight: 400;\">Los robots Momentis, EndoMaster y EndoQuest son ejemplos destacados de c\u00f3mo la tecnolog\u00eda rob\u00f3tica est\u00e1 siendo utilizada para mejorar la precisi\u00f3n y la efectividad de diversos tipos de cirug\u00edas, incluida la cirug\u00eda endoluminal y la histerectom\u00eda. Estos avances permiten procedimientos menos invasivos, tiempos de recuperaci\u00f3n m\u00e1s r\u00e1pidos y una mayor precisi\u00f3n en el tratamiento de condiciones m\u00e9dicas complejas.<\/span><\/p><p><span style=\"font-weight: 400;\">La integraci\u00f3n de im\u00e1genes en tiempo real y la planificaci\u00f3n preoperatoria detallada son fundamentales para el \u00e9xito de la cirug\u00eda inteligente en el futuro. La capacidad de los robots para proporcionar reconstrucciones en 3D y la integraci\u00f3n de im\u00e1genes durante la operaci\u00f3n ser\u00e1n elementos clave en la mejora de la precisi\u00f3n y la eficiencia de los procedimientos quir\u00fargicos en los pr\u00f3ximos a\u00f1os<\/span><span style=\"font-weight: 400;\">\u00bb<\/span><span style=\"font-weight: 400;\">, indic\u00f3 el Dr. Marescaux. <\/span><\/p>\t\t\t\t\t\t\t\t<\/div>\n\t\t\t\t<\/div>\n\t\t\t\t\t<\/div>\n\t\t<\/div>\n\t\t\t\t\t<\/div>\n\t\t<\/section>\n\t\t\t\t<section class=\"elementor-section elementor-top-section elementor-element elementor-element-7e68e3c elementor-section-boxed elementor-section-height-default elementor-section-height-default\" data-id=\"7e68e3c\" data-element_type=\"section\" data-e-type=\"section\">\n\t\t\t\t\t\t<div class=\"elementor-container elementor-column-gap-default\">\n\t\t\t\t\t<div class=\"elementor-column elementor-col-100 elementor-top-column elementor-element elementor-element-ebc6b26\" data-id=\"ebc6b26\" data-element_type=\"column\" data-e-type=\"column\">\n\t\t\t<div class=\"elementor-widget-wrap elementor-element-populated\">\n\t\t\t\t\t\t<div class=\"elementor-element elementor-element-4714c1b elementor-widget elementor-widget-image\" data-id=\"4714c1b\" data-element_type=\"widget\" data-e-type=\"widget\" data-widget_type=\"image.default\">\n\t\t\t\t<div class=\"elementor-widget-container\">\n\t\t\t\t\t\t\t\t\t\t\t\t\t\t\t<img loading=\"lazy\" decoding=\"async\" width=\"640\" height=\"349\" src=\"https:\/\/boletinfacs.com.mx\/wp-content\/uploads\/2023\/12\/Dra.-Vesela-Kovacheva_1.png\" class=\"attachment-large size-large wp-image-4575\" alt=\"\" srcset=\"https:\/\/boletinfacs.com.mx\/wp-content\/uploads\/2023\/12\/Dra.-Vesela-Kovacheva_1.png 806w, https:\/\/boletinfacs.com.mx\/wp-content\/uploads\/2023\/12\/Dra.-Vesela-Kovacheva_1-300x164.png 300w, https:\/\/boletinfacs.com.mx\/wp-content\/uploads\/2023\/12\/Dra.-Vesela-Kovacheva_1-768x419.png 768w\" sizes=\"(max-width: 640px) 100vw, 640px\" \/>\t\t\t\t\t\t\t\t\t\t\t\t\t\t\t<\/div>\n\t\t\t\t<\/div>\n\t\t\t\t\t<\/div>\n\t\t<\/div>\n\t\t\t\t\t<\/div>\n\t\t<\/section>\n\t\t\t\t<section class=\"elementor-section elementor-top-section elementor-element elementor-element-fe40d68 elementor-section-boxed elementor-section-height-default elementor-section-height-default\" data-id=\"fe40d68\" data-element_type=\"section\" data-e-type=\"section\">\n\t\t\t\t\t\t<div class=\"elementor-container elementor-column-gap-default\">\n\t\t\t\t\t<div class=\"elementor-column elementor-col-100 elementor-top-column elementor-element elementor-element-11820f2\" data-id=\"11820f2\" data-element_type=\"column\" data-e-type=\"column\">\n\t\t\t<div class=\"elementor-widget-wrap elementor-element-populated\">\n\t\t\t\t\t\t<div class=\"elementor-element elementor-element-3d2c03f elementor-widget elementor-widget-text-editor\" data-id=\"3d2c03f\" data-element_type=\"widget\" data-e-type=\"widget\" data-widget_type=\"text-editor.default\">\n\t\t\t\t<div class=\"elementor-widget-container\">\n\t\t\t\t\t\t\t\t\t<p><span style=\"font-weight: 400;\">En ese sentido la Dra. Vesela Kovacheva, MD, PhD, directora de Investigaci\u00f3n Cl\u00ednica y Traslacional de la Divisi\u00f3n de Anestesia Obst\u00e9trica, del Brigham &amp; Women&#8217;s Hospital, abord\u00f3 el tema con su conferencia <em><strong>\u201cNovel Artificial Intelligence and Genomic Tools to Augment Patient Care\u201d<\/strong><\/em>, donde se\u00f1al\u00f3: \u00abEl uso de herramientas gen\u00f3micas y la inteligencia artificial para mejorar la atenci\u00f3n al paciente, especialmente en el contexto de la predicci\u00f3n y prevenci\u00f3n de condiciones m\u00e9dicas cr\u00edticas, representa un avance significativo en la pr\u00e1ctica m\u00e9dica\u00bb apunt\u00f3.\u00a0<\/span><\/p><p><span style=\"font-weight: 400;\">\u00abLa capacidad de predecir la preeclampsia en etapas tempranas con la ayuda de modelos de inteligencia artificial, como <em>Dictara<\/em>, puede brindar a los m\u00e9dicos la oportunidad de intervenir de manera proactiva y personalizada, lo que les permite implementar estrategias preventivas y de manejo \u00f3ptimo para mejorar los resultados cl\u00ednicos. Al comprender mejor los indicadores gen\u00f3micos y de salud espec\u00edficos de cada paciente, los profesionales m\u00e9dicos pueden tomar decisiones informadas y basadas en evidencia para brindar una atenci\u00f3n m\u00e1s efectiva y personalizada\u00bb, manifest\u00f3 la tambi\u00e9n profesora asistente de Anestesiolog\u00eda, de la Harvard Medical School.<\/span><\/p><p><span style=\"font-weight: 400;\">Al cierre de su intervenci\u00f3n, la Dra. Kovacheva puntualiz\u00f3 que el enfoque basado en la evidencia y la capacidad de prever la enfermedad antes de que se manifieste plenamente en el paciente pueden tener un impacto significativo en la salud materna y fetal, al tiempo que mejoran la calidad de vida de los pacientes y reducen la incidencia de complicaciones m\u00e9dicas graves; y que la integraci\u00f3n de la inteligencia artificial y el an\u00e1lisis de datos avanzados en la atenci\u00f3n m\u00e9dica ofrecen nuevas oportunidades para una detecci\u00f3n temprana y una intervenci\u00f3n preventiva m\u00e1s efectiva, lo que podr\u00eda conducir a una reducci\u00f3n significativa de la morbilidad y la mortalidad en diversas \u00e1reas de la medicina.<\/span><\/p><p>\u00a0<\/p>\t\t\t\t\t\t\t\t<\/div>\n\t\t\t\t<\/div>\n\t\t\t\t\t<\/div>\n\t\t<\/div>\n\t\t\t\t\t<\/div>\n\t\t<\/section>\n\t\t\t\t<section class=\"elementor-section elementor-top-section elementor-element elementor-element-d0c694b elementor-section-boxed elementor-section-height-default elementor-section-height-default\" data-id=\"d0c694b\" data-element_type=\"section\" data-e-type=\"section\">\n\t\t\t\t\t\t<div class=\"elementor-container elementor-column-gap-default\">\n\t\t\t\t\t<div class=\"elementor-column elementor-col-100 elementor-top-column elementor-element elementor-element-31b107e\" data-id=\"31b107e\" data-element_type=\"column\" data-e-type=\"column\">\n\t\t\t<div class=\"elementor-widget-wrap elementor-element-populated\">\n\t\t\t\t\t\t<div class=\"elementor-element elementor-element-3dec815 elementor-widget elementor-widget-image\" data-id=\"3dec815\" data-element_type=\"widget\" data-e-type=\"widget\" data-widget_type=\"image.default\">\n\t\t\t\t<div class=\"elementor-widget-container\">\n\t\t\t\t\t\t\t\t\t\t\t\t\t\t\t<img loading=\"lazy\" decoding=\"async\" width=\"640\" height=\"420\" src=\"https:\/\/boletinfacs.com.mx\/wp-content\/uploads\/2023\/09\/alumos-asistentes-al-congreso.png\" class=\"attachment-large size-large wp-image-4637\" alt=\"\" srcset=\"https:\/\/boletinfacs.com.mx\/wp-content\/uploads\/2023\/09\/alumos-asistentes-al-congreso.png 1018w, https:\/\/boletinfacs.com.mx\/wp-content\/uploads\/2023\/09\/alumos-asistentes-al-congreso-300x197.png 300w, https:\/\/boletinfacs.com.mx\/wp-content\/uploads\/2023\/09\/alumos-asistentes-al-congreso-768x504.png 768w\" sizes=\"(max-width: 640px) 100vw, 640px\" \/>\t\t\t\t\t\t\t\t\t\t\t\t\t\t\t<\/div>\n\t\t\t\t<\/div>\n\t\t\t\t\t<\/div>\n\t\t<\/div>\n\t\t\t\t\t<\/div>\n\t\t<\/section>\n\t\t\t\t<section class=\"elementor-section elementor-top-section elementor-element elementor-element-f927474 elementor-section-boxed elementor-section-height-default elementor-section-height-default\" data-id=\"f927474\" data-element_type=\"section\" data-e-type=\"section\">\n\t\t\t\t\t\t<div class=\"elementor-container elementor-column-gap-default\">\n\t\t\t\t\t<div class=\"elementor-column elementor-col-100 elementor-top-column elementor-element elementor-element-d5e354c\" data-id=\"d5e354c\" data-element_type=\"column\" data-e-type=\"column\">\n\t\t\t<div class=\"elementor-widget-wrap elementor-element-populated\">\n\t\t\t\t\t\t<div class=\"elementor-element elementor-element-a986ffa elementor-widget elementor-widget-text-editor\" data-id=\"a986ffa\" data-element_type=\"widget\" data-e-type=\"widget\" data-widget_type=\"text-editor.default\">\n\t\t\t\t<div class=\"elementor-widget-container\">\n\t\t\t\t\t\t\t\t\t<p><span style=\"font-weight: 400;\">Posteriormente, el Dr. Joseph C. Masdeu, reconocido por su destacada labor en la investigaci\u00f3n y el tratamiento del Alzheimer, en su conferencia <em><strong>\u201cAnticuerpos monoclonales para reducir amiloide beta en el proceso de Alzheimer\u201d<\/strong><\/em> brind\u00f3 informaci\u00f3n valiosa y actualizada sobre los avances en el tratamiento de esta enfermedad neurodegenerativa. \u00abEl enfoque de utilizar anticuerpos monoclonales como parte del tratamiento para reducir el amiloide beta, una de las prote\u00ednas clave implicadas en el desarrollo del Alzheimer, es parte de la b\u00fasqueda de soluciones efectivas para aminorar el avance de esta enfermedad debilitante. Los anticuerpos monoclonales, al imitar la funci\u00f3n de los anticuerpos humanos en el sistema inmunitario, ofrecen una perspectiva prometedora en el campo de la investigaci\u00f3n y el tratamiento del Alzheimer. Dicha investigaci\u00f3n tambi\u00e9n ofrece esperanza a los pacientes y a sus familias, al proporcionar opciones de tratamiento y estrategias de intervenci\u00f3n que podr\u00edan mejorar la calidad de vida de aquellos afectados por esta condici\u00f3n\u00bb, indic\u00f3.<\/span><\/p>\t\t\t\t\t\t\t\t<\/div>\n\t\t\t\t<\/div>\n\t\t\t\t\t<\/div>\n\t\t<\/div>\n\t\t\t\t\t<\/div>\n\t\t<\/section>\n\t\t\t\t<section class=\"elementor-section elementor-top-section elementor-element elementor-element-782a38d elementor-section-boxed elementor-section-height-default elementor-section-height-default\" data-id=\"782a38d\" data-element_type=\"section\" data-e-type=\"section\">\n\t\t\t\t\t\t<div class=\"elementor-container elementor-column-gap-default\">\n\t\t\t\t\t<div class=\"elementor-column elementor-col-100 elementor-top-column elementor-element elementor-element-95d99b5\" data-id=\"95d99b5\" data-element_type=\"column\" data-e-type=\"column\">\n\t\t\t<div class=\"elementor-widget-wrap elementor-element-populated\">\n\t\t\t\t\t\t<div class=\"elementor-element elementor-element-dc62e54 elementor-widget elementor-widget-image\" data-id=\"dc62e54\" data-element_type=\"widget\" data-e-type=\"widget\" data-widget_type=\"image.default\">\n\t\t\t\t<div class=\"elementor-widget-container\">\n\t\t\t\t\t\t\t\t\t\t\t\t\t\t\t<img loading=\"lazy\" decoding=\"async\" width=\"2560\" height=\"1707\" src=\"https:\/\/boletinfacs.com.mx\/wp-content\/uploads\/2023\/09\/072A9652-scaled.jpg\" class=\"attachment-full size-full wp-image-4630\" alt=\"\" srcset=\"https:\/\/boletinfacs.com.mx\/wp-content\/uploads\/2023\/09\/072A9652-scaled.jpg 2560w, https:\/\/boletinfacs.com.mx\/wp-content\/uploads\/2023\/09\/072A9652-300x200.jpg 300w, https:\/\/boletinfacs.com.mx\/wp-content\/uploads\/2023\/09\/072A9652-1024x683.jpg 1024w, https:\/\/boletinfacs.com.mx\/wp-content\/uploads\/2023\/09\/072A9652-768x512.jpg 768w, https:\/\/boletinfacs.com.mx\/wp-content\/uploads\/2023\/09\/072A9652-1536x1024.jpg 1536w, https:\/\/boletinfacs.com.mx\/wp-content\/uploads\/2023\/09\/072A9652-2048x1365.jpg 2048w\" sizes=\"(max-width: 2560px) 100vw, 2560px\" \/>\t\t\t\t\t\t\t\t\t\t\t\t\t\t\t<\/div>\n\t\t\t\t<\/div>\n\t\t\t\t\t<\/div>\n\t\t<\/div>\n\t\t\t\t\t<\/div>\n\t\t<\/section>\n\t\t\t\t<section class=\"elementor-section elementor-top-section elementor-element elementor-element-c392aad elementor-section-boxed elementor-section-height-default elementor-section-height-default\" data-id=\"c392aad\" data-element_type=\"section\" data-e-type=\"section\">\n\t\t\t\t\t\t<div class=\"elementor-container elementor-column-gap-default\">\n\t\t\t\t\t<div class=\"elementor-column elementor-col-100 elementor-top-column elementor-element elementor-element-e3f143c\" data-id=\"e3f143c\" data-element_type=\"column\" data-e-type=\"column\">\n\t\t\t<div class=\"elementor-widget-wrap elementor-element-populated\">\n\t\t\t\t\t\t<div class=\"elementor-element elementor-element-3f4a6a3 elementor-widget elementor-widget-text-editor\" data-id=\"3f4a6a3\" data-element_type=\"widget\" data-e-type=\"widget\" data-widget_type=\"text-editor.default\">\n\t\t\t\t<div class=\"elementor-widget-container\">\n\t\t\t\t\t\t\t\t\t<p><span style=\"font-weight: 400;\">El director del Centro Interdisciplinario de Bio\u00e9tica de la UP, el Dr. Evandro Agazzi, plante\u00f3 un an\u00e1lisis sobre el valor y los l\u00edmites en el campo de la salud, as\u00ed como su reflexi\u00f3n sobre la dicotom\u00eda entre lo natural y lo artificial en relaci\u00f3n con el ser humano y la tecnolog\u00eda, donde resalt\u00f3 la importancia de considerar la interacci\u00f3n entre el hombre y su entorno artificial en la era de la tecnolog\u00eda y la inteligencia artificial.<\/span><\/p><p><span style=\"font-weight: 400;\">Al reconocer que el entorno artificial es el verdadero ecosistema del hombre en la actualidad, el Dr. Agazzi mencion\u00f3: \u00abEs de suma importancia comprender los l\u00edmites \u00e9ticos y morales que deben guiar el desarrollo y la implementaci\u00f3n de la tecnolog\u00eda en el \u00e1mbito de la salud. Esta comprensi\u00f3n implica reconocer que, si bien la tecnolog\u00eda y la inteligencia artificial pueden brindar beneficios significativos, su aplicaci\u00f3n debe tener en cuenta los valores humanos y el bienestar del paciente como prioridad principal\u00bb.<\/span><\/p><p><span style=\"font-weight: 400;\">Aunque la inteligencia artificial puede proporcionar informaci\u00f3n valiosa y ayudar en la toma de decisiones cl\u00ednicas, el Dr. Agazzi subray\u00f3: \u00abEl m\u00e9dico debe mantener la responsabilidad \u00faltima en la toma de decisiones m\u00e9dicas, asegurando siempre el bienestar y la seguridad del paciente. Asimismo, debe haber equilibrio entre la innovaci\u00f3n tecnol\u00f3gica y la humanizaci\u00f3n de la atenci\u00f3n m\u00e9dica, enfoc\u00e1ndose en preservar la dignidad y el respeto por la autonom\u00eda del paciente en un entorno de atenci\u00f3n m\u00e9dica cada vez m\u00e1s tecnol\u00f3gico y digital\u00bb.<\/span><\/p>\t\t\t\t\t\t\t\t<\/div>\n\t\t\t\t<\/div>\n\t\t\t\t\t<\/div>\n\t\t<\/div>\n\t\t\t\t\t<\/div>\n\t\t<\/section>\n\t\t\t\t<section class=\"elementor-section elementor-top-section elementor-element elementor-element-c303d70 elementor-section-boxed elementor-section-height-default elementor-section-height-default\" data-id=\"c303d70\" data-element_type=\"section\" data-e-type=\"section\">\n\t\t\t\t\t\t<div class=\"elementor-container elementor-column-gap-default\">\n\t\t\t\t\t<div class=\"elementor-column elementor-col-100 elementor-top-column elementor-element elementor-element-138edf3\" data-id=\"138edf3\" data-element_type=\"column\" data-e-type=\"column\">\n\t\t\t<div class=\"elementor-widget-wrap elementor-element-populated\">\n\t\t\t\t\t\t<div class=\"elementor-element elementor-element-72c2ddd elementor-widget elementor-widget-image\" data-id=\"72c2ddd\" data-element_type=\"widget\" data-e-type=\"widget\" data-widget_type=\"image.default\">\n\t\t\t\t<div class=\"elementor-widget-container\">\n\t\t\t\t\t\t\t\t\t\t\t\t\t\t\t<img loading=\"lazy\" decoding=\"async\" width=\"640\" height=\"426\" src=\"https:\/\/boletinfacs.com.mx\/wp-content\/uploads\/2023\/12\/Dra.-Lourdes-Martinez.png\" class=\"attachment-large size-large wp-image-4596\" alt=\"\" srcset=\"https:\/\/boletinfacs.com.mx\/wp-content\/uploads\/2023\/12\/Dra.-Lourdes-Martinez.png 782w, https:\/\/boletinfacs.com.mx\/wp-content\/uploads\/2023\/12\/Dra.-Lourdes-Martinez-300x200.png 300w, https:\/\/boletinfacs.com.mx\/wp-content\/uploads\/2023\/12\/Dra.-Lourdes-Martinez-768x512.png 768w\" sizes=\"(max-width: 640px) 100vw, 640px\" \/>\t\t\t\t\t\t\t\t\t\t\t\t\t\t\t<\/div>\n\t\t\t\t<\/div>\n\t\t\t\t\t<\/div>\n\t\t<\/div>\n\t\t\t\t\t<\/div>\n\t\t<\/section>\n\t\t\t\t<section class=\"elementor-section elementor-top-section elementor-element elementor-element-0981dd6 elementor-section-boxed elementor-section-height-default elementor-section-height-default\" data-id=\"0981dd6\" data-element_type=\"section\" data-e-type=\"section\">\n\t\t\t\t\t\t<div class=\"elementor-container elementor-column-gap-default\">\n\t\t\t\t\t<div class=\"elementor-column elementor-col-100 elementor-top-column elementor-element elementor-element-4ca3fac\" data-id=\"4ca3fac\" data-element_type=\"column\" data-e-type=\"column\">\n\t\t\t<div class=\"elementor-widget-wrap elementor-element-populated\">\n\t\t\t\t\t\t<div class=\"elementor-element elementor-element-8675e1b elementor-widget elementor-widget-text-editor\" data-id=\"8675e1b\" data-element_type=\"widget\" data-e-type=\"widget\" data-widget_type=\"text-editor.default\">\n\t\t\t\t<div class=\"elementor-widget-container\">\n\t\t\t\t\t\t\t\t\t<p><span style=\"font-weight: 400;\">La Dra. Lourdes Mart\u00ednez Villase\u00f1or, jefa de academia de la Maestr\u00eda en Ciencias de Datos de la Facultad de Ingenier\u00eda de la UP, en su conferencia titulada <em><strong>\u201cAplicaciones de la inteligencia artificial en salud\u201d<\/strong><\/em>, destac\u00f3 la importancia de mantener una \u00e9tica transparente y un enfoque equitativo en la implementaci\u00f3n de la inteligencia artificial y los sistemas de salud digital, e hizo \u00e9nfasis en la necesidad de contar con sistemas \u00e9ticos que garanticen la responsabilidad y la confianza en el uso de la IA en la atenci\u00f3n m\u00e9dica.<\/span><\/p><p><span style=\"font-weight: 400;\">La tambi\u00e9n vicepresidenta de la Sociedad Mexicana de Inteligencia Artificial se\u00f1al\u00f3 los posibles riesgos de delegar decisiones cr\u00edticas a los sistemas de IA y de mantener un equilibrio adecuado entre la intervenci\u00f3n humana y el avance tecnol\u00f3gico. Asimismo, agreg\u00f3 que la necesidad de considerar la equidad y la inclusi\u00f3n en el desarrollo de sistemas de IA es fundamental para garantizar que la tecnolog\u00eda beneficie a todos los grupos de manera equitativa y justa, evitando cualquier sesgo o discriminaci\u00f3n en la atenci\u00f3n m\u00e9dica.<\/span><\/p><p><span style=\"font-weight: 400;\">En general, en palabras de la Dra. Lourdes Mart\u00ednez Villase\u00f1or, el \u00e9nfasis en la transparencia, la equidad, la \u00e9tica y la responsabilidad en el desarrollo y la implementaci\u00f3n de la inteligencia artificial en la atenci\u00f3n m\u00e9dica refuerza la importancia de mantener un enfoque centrado en el paciente y en los principios \u00e9ticos fundamentales en la evoluci\u00f3n de la salud digital.<\/span><\/p>\t\t\t\t\t\t\t\t<\/div>\n\t\t\t\t<\/div>\n\t\t\t\t\t<\/div>\n\t\t<\/div>\n\t\t\t\t\t<\/div>\n\t\t<\/section>\n\t\t\t\t<section class=\"elementor-section elementor-top-section elementor-element elementor-element-023818f elementor-section-boxed elementor-section-height-default elementor-section-height-default\" data-id=\"023818f\" data-element_type=\"section\" data-e-type=\"section\">\n\t\t\t\t\t\t<div class=\"elementor-container elementor-column-gap-default\">\n\t\t\t\t\t<div class=\"elementor-column elementor-col-100 elementor-top-column elementor-element elementor-element-bffb612\" data-id=\"bffb612\" data-element_type=\"column\" data-e-type=\"column\">\n\t\t\t<div class=\"elementor-widget-wrap elementor-element-populated\">\n\t\t\t\t\t\t<div class=\"elementor-element elementor-element-3ea06b6 elementor-widget elementor-widget-image\" data-id=\"3ea06b6\" data-element_type=\"widget\" data-e-type=\"widget\" data-widget_type=\"image.default\">\n\t\t\t\t<div class=\"elementor-widget-container\">\n\t\t\t\t\t\t\t\t\t\t\t\t\t\t\t<img loading=\"lazy\" decoding=\"async\" width=\"640\" height=\"420\" src=\"https:\/\/boletinfacs.com.mx\/wp-content\/uploads\/2023\/09\/alumos-asistentes-al-congreso.png\" class=\"attachment-large size-large wp-image-4637\" alt=\"\" srcset=\"https:\/\/boletinfacs.com.mx\/wp-content\/uploads\/2023\/09\/alumos-asistentes-al-congreso.png 1018w, https:\/\/boletinfacs.com.mx\/wp-content\/uploads\/2023\/09\/alumos-asistentes-al-congreso-300x197.png 300w, https:\/\/boletinfacs.com.mx\/wp-content\/uploads\/2023\/09\/alumos-asistentes-al-congreso-768x504.png 768w\" sizes=\"(max-width: 640px) 100vw, 640px\" \/>\t\t\t\t\t\t\t\t\t\t\t\t\t\t\t<\/div>\n\t\t\t\t<\/div>\n\t\t\t\t\t<\/div>\n\t\t<\/div>\n\t\t\t\t\t<\/div>\n\t\t<\/section>\n\t\t\t\t<section class=\"elementor-section elementor-top-section elementor-element elementor-element-9e5d0d2 elementor-section-boxed elementor-section-height-default elementor-section-height-default\" data-id=\"9e5d0d2\" data-element_type=\"section\" data-e-type=\"section\">\n\t\t\t\t\t\t<div class=\"elementor-container elementor-column-gap-default\">\n\t\t\t\t\t<div class=\"elementor-column elementor-col-100 elementor-top-column elementor-element elementor-element-61223d8\" data-id=\"61223d8\" data-element_type=\"column\" data-e-type=\"column\">\n\t\t\t<div class=\"elementor-widget-wrap elementor-element-populated\">\n\t\t\t\t\t\t<div class=\"elementor-element elementor-element-cff88cf elementor-widget elementor-widget-text-editor\" data-id=\"cff88cf\" data-element_type=\"widget\" data-e-type=\"widget\" data-widget_type=\"text-editor.default\">\n\t\t\t\t<div class=\"elementor-widget-container\">\n\t\t\t\t\t\t\t\t\t<p><span style=\"font-weight: 400;\">M\u00e1s tarde, el Dr. Richard Satava subi\u00f3 nuevamente al p\u00f3dium con la conferencia \u201c<strong><em>The Next Revolution In Surgery: Directed Energy For Non-Invasive Surgery\u201d.<\/em><\/strong> El discurso proporcion\u00f3 una visi\u00f3n profunda de c\u00f3mo la combinaci\u00f3n de m\u00faltiples tecnolog\u00edas ha llevado a la evoluci\u00f3n de la cirug\u00eda hasta el d\u00eda de hoy, recalcando la importancia de la integraci\u00f3n de diversas tecnolog\u00edas para lograr avances significativos en campos que van m\u00e1s all\u00e1 de la salud. \u00abLa cirug\u00eda se ha transformado en una pr\u00e1ctica menos invasiva gracias a los avances en tecnolog\u00edas, como la mec\u00e1nica, la nanotecnolog\u00eda y el uso de diferentes formas de energ\u00eda\u00bb, indic\u00f3.<\/span><\/p><p><span style=\"font-weight: 400;\">Asimismo, habl\u00f3 del potencial de la energ\u00eda no invasiva y la capacidad de manipular mol\u00e9culas individuales mediante diferentes formas de energ\u00eda, lo que permite un tratamiento m\u00e1s preciso y personalizado para los pacientes. Enfatiz\u00f3 que, a pesar de los avances tecnol\u00f3gicos, la integraci\u00f3n de la informaci\u00f3n y la energ\u00eda continuar\u00e1 guiando el futuro de la medicina.<\/span><\/p><p><span style=\"font-weight: 400;\">Adem\u00e1s, el Dr. Satava subray\u00f3 la relevancia de comprender que la enfermedad opera a niveles moleculares y celulares, y coment\u00f3 que se analiza el uso de marcos moleculares espec\u00edficos y la inteligencia artificial para identificar y tratar selectivamente c\u00e9lulas an\u00f3malas sin da\u00f1ar las c\u00e9lulas sanas circundantes. Tambi\u00e9n destac\u00f3 las diversas aplicaciones de la energ\u00eda, como la terapia de luz y el uso de ultrasonido de alta frecuencia para destruir tejidos cancerosos.<\/span><\/p><p><span style=\"font-weight: 400;\">El investigador concluy\u00f3 con una perspectiva optimista sobre el futuro de la medicina, haciendo hincapi\u00e9 en la importancia de los sistemas inteligentes y la integraci\u00f3n tecnol\u00f3gica para revolucionar la pr\u00e1ctica m\u00e9dica, e invit\u00f3 a los profesionales de la medicina a utilizar su conocimiento y experiencia para impulsar avances y mejoras significativas en la atenci\u00f3n m\u00e9dica y la cirug\u00eda, con un enfoque en la innovaci\u00f3n y la atenci\u00f3n centrada en el paciente.<\/span><\/p>\t\t\t\t\t\t\t\t<\/div>\n\t\t\t\t<\/div>\n\t\t\t\t\t<\/div>\n\t\t<\/div>\n\t\t\t\t\t<\/div>\n\t\t<\/section>\n\t\t\t\t<section class=\"elementor-section elementor-top-section elementor-element elementor-element-2588c1f elementor-section-boxed elementor-section-height-default elementor-section-height-default\" data-id=\"2588c1f\" data-element_type=\"section\" data-e-type=\"section\">\n\t\t\t\t\t\t<div class=\"elementor-container elementor-column-gap-default\">\n\t\t\t\t\t<div class=\"elementor-column elementor-col-100 elementor-top-column elementor-element elementor-element-67dcf6f\" data-id=\"67dcf6f\" data-element_type=\"column\" data-e-type=\"column\">\n\t\t\t<div class=\"elementor-widget-wrap elementor-element-populated\">\n\t\t\t\t\t\t<div class=\"elementor-element elementor-element-f43bbe8 elementor-widget elementor-widget-image\" data-id=\"f43bbe8\" data-element_type=\"widget\" data-e-type=\"widget\" data-widget_type=\"image.default\">\n\t\t\t\t<div class=\"elementor-widget-container\">\n\t\t\t\t\t\t\t\t\t\t\t\t\t\t\t<img loading=\"lazy\" decoding=\"async\" width=\"640\" height=\"344\" src=\"https:\/\/boletinfacs.com.mx\/wp-content\/uploads\/2023\/12\/Dra.-Vesela-Kovacheva.png\" class=\"attachment-large size-large wp-image-4610\" alt=\"\" srcset=\"https:\/\/boletinfacs.com.mx\/wp-content\/uploads\/2023\/12\/Dra.-Vesela-Kovacheva.png 833w, https:\/\/boletinfacs.com.mx\/wp-content\/uploads\/2023\/12\/Dra.-Vesela-Kovacheva-300x161.png 300w, https:\/\/boletinfacs.com.mx\/wp-content\/uploads\/2023\/12\/Dra.-Vesela-Kovacheva-768x413.png 768w\" sizes=\"(max-width: 640px) 100vw, 640px\" \/>\t\t\t\t\t\t\t\t\t\t\t\t\t\t\t<\/div>\n\t\t\t\t<\/div>\n\t\t\t\t\t<\/div>\n\t\t<\/div>\n\t\t\t\t\t<\/div>\n\t\t<\/section>\n\t\t\t\t<section class=\"elementor-section elementor-top-section elementor-element elementor-element-9bf9fef elementor-section-boxed elementor-section-height-default elementor-section-height-default\" data-id=\"9bf9fef\" data-element_type=\"section\" data-e-type=\"section\">\n\t\t\t\t\t\t<div class=\"elementor-container elementor-column-gap-default\">\n\t\t\t\t\t<div class=\"elementor-column elementor-col-100 elementor-top-column elementor-element elementor-element-50e06b8\" data-id=\"50e06b8\" data-element_type=\"column\" data-e-type=\"column\">\n\t\t\t<div class=\"elementor-widget-wrap elementor-element-populated\">\n\t\t\t\t\t\t<div class=\"elementor-element elementor-element-9e23117 elementor-widget elementor-widget-text-editor\" data-id=\"9e23117\" data-element_type=\"widget\" data-e-type=\"widget\" data-widget_type=\"text-editor.default\">\n\t\t\t\t<div class=\"elementor-widget-container\">\n\t\t\t\t\t\t\t\t\t<p><span style=\"font-weight: 400;\">En su segunda intervenci\u00f3n, la Dra. Vesela Kovacheva dict\u00f3 la conferencia \u201cGenerative Artificial Intelligence and Large Language Models: Emerging Technologies Coming to The Bedside\u201d, en la que se\u00f1al\u00f3: \u00abEs dif\u00edcil hacer inteligencia artificial para el \u00e1rea de la salud en particular. O se tienen pocos datos, o se tienen demasiados, o estos son muy heterog\u00e9neos, o no est\u00e1n limpios. Trabajarlos representa un gran reto\u00bb. Asimismo, comparti\u00f3 las reflexiones de su investigaci\u00f3n sobre el uso de modelos de lenguaje en el campo m\u00e9dico, as\u00ed como los desaf\u00edos y limitaciones que encontr\u00f3 durante proceso; y explor\u00f3 los beneficios y las aplicaciones de la inteligencia artificial en la medicina, destacando su capacidad para analizar datos complejos y proporcionar informaci\u00f3n valiosa para el diagn\u00f3stico y el tratamiento de los pacientes.<\/span><\/p><p><span style=\"font-weight: 400;\">Antes de dar cierre a su participaci\u00f3n, la Dra. Kovacheva habl\u00f3 sobre c\u00f3mo estandarizar los datos para el an\u00e1lisis y c\u00f3mo lidiar con los desaf\u00edos de los modelos gen\u00e9ticos y la diversidad de la poblaci\u00f3n. Adem\u00e1s, se\u00f1al\u00f3 que la importancia de la protecci\u00f3n de datos y la privacidad de los pacientes al realizar an\u00e1lisis y procesamiento de informaci\u00f3n m\u00e9dica.<\/span><\/p>\t\t\t\t\t\t\t\t<\/div>\n\t\t\t\t<\/div>\n\t\t\t\t\t<\/div>\n\t\t<\/div>\n\t\t\t\t\t<\/div>\n\t\t<\/section>\n\t\t\t\t<section class=\"elementor-section elementor-top-section elementor-element elementor-element-075c3a3 elementor-section-boxed elementor-section-height-default elementor-section-height-default\" data-id=\"075c3a3\" data-element_type=\"section\" data-e-type=\"section\">\n\t\t\t\t\t\t<div class=\"elementor-container elementor-column-gap-default\">\n\t\t\t\t\t<div class=\"elementor-column elementor-col-50 elementor-top-column elementor-element elementor-element-fd6b805\" data-id=\"fd6b805\" data-element_type=\"column\" data-e-type=\"column\">\n\t\t\t<div class=\"elementor-widget-wrap elementor-element-populated\">\n\t\t\t\t\t\t<div class=\"elementor-element elementor-element-6590956 elementor-widget elementor-widget-image\" data-id=\"6590956\" data-element_type=\"widget\" data-e-type=\"widget\" data-widget_type=\"image.default\">\n\t\t\t\t<div class=\"elementor-widget-container\">\n\t\t\t\t\t\t\t\t\t\t\t\t\t\t\t<img decoding=\"async\" src=\"https:\/\/boletinfacs.com.mx\/wp-content\/uploads\/elementor\/thumbs\/Salvador-Beltran-del-Rio-1-qgbvpa6xb66jga2hdllw0kthvmtwg7anrwvl9t691c.png\" title=\"Salvador Beltran del Ri\u0301o (1)\" alt=\"Salvador Beltran del Ri\u0301o (1)\" loading=\"lazy\" \/>\t\t\t\t\t\t\t\t\t\t\t\t\t\t\t<\/div>\n\t\t\t\t<\/div>\n\t\t\t\t\t<\/div>\n\t\t<\/div>\n\t\t\t\t<div class=\"elementor-column elementor-col-50 elementor-top-column elementor-element elementor-element-6f782d2\" data-id=\"6f782d2\" data-element_type=\"column\" data-e-type=\"column\">\n\t\t\t<div class=\"elementor-widget-wrap elementor-element-populated\">\n\t\t\t\t\t\t<div class=\"elementor-element elementor-element-5f63d83 elementor-widget elementor-widget-text-editor\" data-id=\"5f63d83\" data-element_type=\"widget\" data-e-type=\"widget\" data-widget_type=\"text-editor.default\">\n\t\t\t\t<div class=\"elementor-widget-container\">\n\t\t\t\t\t\t\t\t\t<p><span style=\"font-weight: 400;\">Para finalizar, el Mtro. Salvador Beltr\u00e1n del R\u00edo Madrid,<\/span> <span style=\"font-weight: 400;\">en representaci\u00f3n del Dr. Santiago Garc\u00eda, rector de la UP Campus M\u00e9xico, clausur\u00f3 los trabajos del simposio: \u00abLa celebraci\u00f3n de este simposio proporcion\u00f3 una plataforma para discutir y compartir conocimientos sobre los avances terap\u00e9uticos y las tendencias emergentes en el campo de la medicina, lo que permite a los profesionales de la salud mantenerse al d\u00eda con las \u00faltimas innovaciones y pr\u00e1cticas en el \u00e1mbito m\u00e9dico\u00bb, concluy\u00f3.<\/span><\/p>\t\t\t\t\t\t\t\t<\/div>\n\t\t\t\t<\/div>\n\t\t\t\t\t<\/div>\n\t\t<\/div>\n\t\t\t\t\t<\/div>\n\t\t<\/section>\n\t\t\t\t<section class=\"elementor-section elementor-top-section elementor-element elementor-element-2be2474 elementor-section-boxed elementor-section-height-default elementor-section-height-default\" data-id=\"2be2474\" data-element_type=\"section\" data-e-type=\"section\">\n\t\t\t\t\t\t<div class=\"elementor-container elementor-column-gap-default\">\n\t\t\t\t\t<div class=\"elementor-column elementor-col-100 elementor-top-column elementor-element elementor-element-1eeeeee\" data-id=\"1eeeeee\" data-element_type=\"column\" data-e-type=\"column\">\n\t\t\t<div class=\"elementor-widget-wrap elementor-element-populated\">\n\t\t\t\t\t\t<div class=\"elementor-element elementor-element-0b23c13 elementor-widget elementor-widget-text-editor\" data-id=\"0b23c13\" data-element_type=\"widget\" data-e-type=\"widget\" data-widget_type=\"text-editor.default\">\n\t\t\t\t<div class=\"elementor-widget-container\">\n\t\t\t\t\t\t\t\t\t<p>Puede consultar las conferencias completas dando clic aqu\u00ed\u00a0<\/p>\t\t\t\t\t\t\t\t<\/div>\n\t\t\t\t<\/div>\n\t\t\t\t\t<\/div>\n\t\t<\/div>\n\t\t\t\t\t<\/div>\n\t\t<\/section>\n\t\t\t\t<\/div>\n\t\t","protected":false},"excerpt":{"rendered":"<p>Con motivo de la celebraci\u00f3n de sus primeros 25 a\u00f1os, el pasado 8 de septiembre la Escuela de Medicina de la Universidad Panamericana organiz\u00f3 el<\/p>\n","protected":false},"author":63,"featured_media":4626,"comment_status":"open","ping_status":"open","sticky":false,"template":"","format":"standard","meta":{"om_disable_all_campaigns":false,"_uag_custom_page_level_css":"","_monsterinsights_skip_tracking":false,"_monsterinsights_sitenote_active":false,"_monsterinsights_sitenote_note":"","_monsterinsights_sitenote_category":0,"footnotes":""},"categories":[7,14],"tags":[],"class_list":["post-4549","post","type-post","status-publish","format-standard","has-post-thumbnail","hentry","category-emup","category-facs"],"aioseo_notices":[],"uagb_featured_image_src":{"full":["https:\/\/boletinfacs.com.mx\/wp-content\/uploads\/2023\/09\/MAESTRIA-EN-TERAPIA-DE-HERIDAS-ESTOMAS-Y-QUEMADURAS-35.jpg",1080,1080,false],"thumbnail":["https:\/\/boletinfacs.com.mx\/wp-content\/uploads\/2023\/09\/MAESTRIA-EN-TERAPIA-DE-HERIDAS-ESTOMAS-Y-QUEMADURAS-35-150x150.jpg",150,150,true],"medium":["https:\/\/boletinfacs.com.mx\/wp-content\/uploads\/2023\/09\/MAESTRIA-EN-TERAPIA-DE-HERIDAS-ESTOMAS-Y-QUEMADURAS-35-300x300.jpg",300,300,true],"medium_large":["https:\/\/boletinfacs.com.mx\/wp-content\/uploads\/2023\/09\/MAESTRIA-EN-TERAPIA-DE-HERIDAS-ESTOMAS-Y-QUEMADURAS-35-768x768.jpg",640,640,true],"large":["https:\/\/boletinfacs.com.mx\/wp-content\/uploads\/2023\/09\/MAESTRIA-EN-TERAPIA-DE-HERIDAS-ESTOMAS-Y-QUEMADURAS-35-1024x1024.jpg",640,640,true],"1536x1536":["https:\/\/boletinfacs.com.mx\/wp-content\/uploads\/2023\/09\/MAESTRIA-EN-TERAPIA-DE-HERIDAS-ESTOMAS-Y-QUEMADURAS-35.jpg",1080,1080,false],"2048x2048":["https:\/\/boletinfacs.com.mx\/wp-content\/uploads\/2023\/09\/MAESTRIA-EN-TERAPIA-DE-HERIDAS-ESTOMAS-Y-QUEMADURAS-35.jpg",1080,1080,false],"fairy-large":["https:\/\/boletinfacs.com.mx\/wp-content\/uploads\/2023\/09\/MAESTRIA-EN-TERAPIA-DE-HERIDAS-ESTOMAS-Y-QUEMADURAS-35-1080x606.jpg",1080,606,true],"fairy-medium":["https:\/\/boletinfacs.com.mx\/wp-content\/uploads\/2023\/09\/MAESTRIA-EN-TERAPIA-DE-HERIDAS-ESTOMAS-Y-QUEMADURAS-35-800x600.jpg",800,600,true]},"uagb_author_info":{"display_name":"Facultad Ciencias de la Salud Universidad Panamericana","author_link":"https:\/\/boletinfacs.com.mx\/index.php\/author\/facultad-ciencias-de-la-salud\/"},"uagb_comment_info":0,"uagb_excerpt":"Con motivo de la celebraci\u00f3n de sus primeros 25 a\u00f1os, el pasado 8 de septiembre la Escuela de Medicina de la Universidad Panamericana organiz\u00f3 el","_links":{"self":[{"href":"https:\/\/boletinfacs.com.mx\/index.php\/wp-json\/wp\/v2\/posts\/4549","targetHints":{"allow":["GET"]}}],"collection":[{"href":"https:\/\/boletinfacs.com.mx\/index.php\/wp-json\/wp\/v2\/posts"}],"about":[{"href":"https:\/\/boletinfacs.com.mx\/index.php\/wp-json\/wp\/v2\/types\/post"}],"author":[{"embeddable":true,"href":"https:\/\/boletinfacs.com.mx\/index.php\/wp-json\/wp\/v2\/users\/63"}],"replies":[{"embeddable":true,"href":"https:\/\/boletinfacs.com.mx\/index.php\/wp-json\/wp\/v2\/comments?post=4549"}],"version-history":[{"count":77,"href":"https:\/\/boletinfacs.com.mx\/index.php\/wp-json\/wp\/v2\/posts\/4549\/revisions"}],"predecessor-version":[{"id":4643,"href":"https:\/\/boletinfacs.com.mx\/index.php\/wp-json\/wp\/v2\/posts\/4549\/revisions\/4643"}],"wp:featuredmedia":[{"embeddable":true,"href":"https:\/\/boletinfacs.com.mx\/index.php\/wp-json\/wp\/v2\/media\/4626"}],"wp:attachment":[{"href":"https:\/\/boletinfacs.com.mx\/index.php\/wp-json\/wp\/v2\/media?parent=4549"}],"wp:term":[{"taxonomy":"category","embeddable":true,"href":"https:\/\/boletinfacs.com.mx\/index.php\/wp-json\/wp\/v2\/categories?post=4549"},{"taxonomy":"post_tag","embeddable":true,"href":"https:\/\/boletinfacs.com.mx\/index.php\/wp-json\/wp\/v2\/tags?post=4549"}],"curies":[{"name":"wp","href":"https:\/\/api.w.org\/{rel}","templated":true}]}}