{"id":4803,"date":"2023-11-11T19:48:08","date_gmt":"2023-11-12T01:48:08","guid":{"rendered":"https:\/\/boletinfacs.com.mx\/?p=4803"},"modified":"2024-02-20T12:16:43","modified_gmt":"2024-02-20T18:16:43","slug":"experiencia-colegio-meyalli","status":"publish","type":"post","link":"https:\/\/boletinfacs.com.mx\/index.php\/2023\/11\/11\/experiencia-colegio-meyalli\/","title":{"rendered":"Experiencia Colegio Meyalli"},"content":{"rendered":"\t\t<div data-elementor-type=\"wp-post\" data-elementor-id=\"4803\" class=\"elementor elementor-4803\">\n\t\t\t\t\t\t<section class=\"elementor-section elementor-top-section elementor-element elementor-element-21f20d89 elementor-section-boxed elementor-section-height-default elementor-section-height-default\" data-id=\"21f20d89\" data-element_type=\"section\" data-e-type=\"section\">\n\t\t\t\t\t\t<div class=\"elementor-container elementor-column-gap-default\">\n\t\t\t\t\t<div class=\"elementor-column elementor-col-100 elementor-top-column elementor-element elementor-element-257bf7\" data-id=\"257bf7\" data-element_type=\"column\" data-e-type=\"column\">\n\t\t\t<div class=\"elementor-widget-wrap elementor-element-populated\">\n\t\t\t\t\t\t<div class=\"elementor-element elementor-element-7c13d02f elementor-widget elementor-widget-text-editor\" data-id=\"7c13d02f\" data-element_type=\"widget\" data-e-type=\"widget\" data-widget_type=\"text-editor.default\">\n\t\t\t\t<div class=\"elementor-widget-container\">\n\t\t\t\t\t\t\t\t\t\n<p>El s\u00e1bado 11 de noviembre fue un d\u00eda lleno de aprendizaje en el Colegio Meyalli. Como estudiante de s\u00e9ptimo semestre de Medicina, tuve la oportunidad \u00fanica de compartir conocimientos con mis compa\u00f1eros en un entorno educativo diferente. El d\u00eda se centr\u00f3 en brindar informaci\u00f3n valiosa sobre educaci\u00f3n en salud a las ni\u00f1as y ni\u00f1os de este colegio y al Centro Escolar Acuautla.&nbsp;<\/p>\n\n\n\n<p>Desde el momento en que llegamos, se ve\u00eda la energ\u00eda en todos los ni\u00f1os, sobre todo en los m\u00e1s peque\u00f1os. Los estudiantes de s\u00e9ptimo semestre nos organizamos para presentar por medio de estands<em> <\/em>diferentes temas de educaci\u00f3n en salud: prevenci\u00f3n de enfermedades, h\u00e1bitos higi\u00e9nico-diet\u00e9ticos, importancia de las vacunas, primeros auxilios, entre otros. La diversidad de temas permiti\u00f3 que cada uno de nosotros compartiera experiencias y conocimientos especializados.&nbsp;<\/p>\n\n\n\n<p>Las ni\u00f1as y los ni\u00f1os nos preguntaban todas las dudas que les iban surgiendo. Fue incre\u00edble ver el entusiasmo en sus ojos mientras aprend\u00edan informaci\u00f3n valiosa sobre el b\u00e1sico cuidado de su salud. De hecho, me dio mucha ilusi\u00f3n saber que podr\u00eda inspirar a futuros m\u00e9dicos y profesionales de la salud.&nbsp;<\/p>\n\n\n\n<p>Adem\u00e1s de las actividades educativas, tambi\u00e9n participamos en charlas dirigidas a los padres. Explicamos la importancia de la prevenci\u00f3n y c\u00f3mo pueden ser defensores efectivos de la salud de sus hijos. Abordamos temas como la nutrici\u00f3n adecuada, la importancia del ejercicio y la promoci\u00f3n de un entorno saludable en el hogar.&nbsp;<\/p>\n\n\n\n<p>En retrospectiva, la jornada no s\u00f3lo fue una oportunidad para compartir informaci\u00f3n, sino tambi\u00e9n un recordatorio de la responsabilidad que conlleva ser parte de la comunidad m\u00e9dica.<\/p>\n\n\n\t\t\t\t\t\t\t\t<\/div>\n\t\t\t\t<\/div>\n\t\t\t\t\t<\/div>\n\t\t<\/div>\n\t\t\t\t\t<\/div>\n\t\t<\/section>\n\t\t\t\t<\/div>\n\t\t","protected":false},"excerpt":{"rendered":"<p>El s\u00e1bado 11 de noviembre fue un d\u00eda lleno de aprendizaje en el Colegio Meyalli. Como estudiante de s\u00e9ptimo semestre de Medicina, tuve la oportunidad<\/p>\n","protected":false},"author":41,"featured_media":4806,"comment_status":"open","ping_status":"open","sticky":false,"template":"","format":"standard","meta":{"om_disable_all_campaigns":false,"_uag_custom_page_level_css":"","_monsterinsights_skip_tracking":false,"_monsterinsights_sitenote_active":false,"_monsterinsights_sitenote_note":"","_monsterinsights_sitenote_category":0,"footnotes":""},"categories":[7,14],"tags":[],"class_list":["post-4803","post","type-post","status-publish","format-standard","has-post-thumbnail","hentry","category-emup","category-facs"],"aioseo_notices":[],"uagb_featured_image_src":{"full":["https:\/\/boletinfacs.com.mx\/wp-content\/uploads\/2024\/02\/Diseno-sin-titulo-3.jpg",1080,1080,false],"thumbnail":["https:\/\/boletinfacs.com.mx\/wp-content\/uploads\/2024\/02\/Diseno-sin-titulo-3-150x150.jpg",150,150,true],"medium":["https:\/\/boletinfacs.com.mx\/wp-content\/uploads\/2024\/02\/Diseno-sin-titulo-3-300x300.jpg",300,300,true],"medium_large":["https:\/\/boletinfacs.com.mx\/wp-content\/uploads\/2024\/02\/Diseno-sin-titulo-3-768x768.jpg",640,640,true],"large":["https:\/\/boletinfacs.com.mx\/wp-content\/uploads\/2024\/02\/Diseno-sin-titulo-3-1024x1024.jpg",640,640,true],"1536x1536":["https:\/\/boletinfacs.com.mx\/wp-content\/uploads\/2024\/02\/Diseno-sin-titulo-3.jpg",1080,1080,false],"2048x2048":["https:\/\/boletinfacs.com.mx\/wp-content\/uploads\/2024\/02\/Diseno-sin-titulo-3.jpg",1080,1080,false],"fairy-large":["https:\/\/boletinfacs.com.mx\/wp-content\/uploads\/2024\/02\/Diseno-sin-titulo-3-1080x606.jpg",1080,606,true],"fairy-medium":["https:\/\/boletinfacs.com.mx\/wp-content\/uploads\/2024\/02\/Diseno-sin-titulo-3-800x600.jpg",800,600,true]},"uagb_author_info":{"display_name":"Ximena Garduno Aladro","author_link":"https:\/\/boletinfacs.com.mx\/index.php\/author\/ximena-garduno-aladro\/"},"uagb_comment_info":0,"uagb_excerpt":"El s\u00e1bado 11 de noviembre fue un d\u00eda lleno de aprendizaje en el Colegio Meyalli. Como estudiante de s\u00e9ptimo semestre de Medicina, tuve la oportunidad","_links":{"self":[{"href":"https:\/\/boletinfacs.com.mx\/index.php\/wp-json\/wp\/v2\/posts\/4803","targetHints":{"allow":["GET"]}}],"collection":[{"href":"https:\/\/boletinfacs.com.mx\/index.php\/wp-json\/wp\/v2\/posts"}],"about":[{"href":"https:\/\/boletinfacs.com.mx\/index.php\/wp-json\/wp\/v2\/types\/post"}],"author":[{"embeddable":true,"href":"https:\/\/boletinfacs.com.mx\/index.php\/wp-json\/wp\/v2\/users\/41"}],"replies":[{"embeddable":true,"href":"https:\/\/boletinfacs.com.mx\/index.php\/wp-json\/wp\/v2\/comments?post=4803"}],"version-history":[{"count":4,"href":"https:\/\/boletinfacs.com.mx\/index.php\/wp-json\/wp\/v2\/posts\/4803\/revisions"}],"predecessor-version":[{"id":4809,"href":"https:\/\/boletinfacs.com.mx\/index.php\/wp-json\/wp\/v2\/posts\/4803\/revisions\/4809"}],"wp:featuredmedia":[{"embeddable":true,"href":"https:\/\/boletinfacs.com.mx\/index.php\/wp-json\/wp\/v2\/media\/4806"}],"wp:attachment":[{"href":"https:\/\/boletinfacs.com.mx\/index.php\/wp-json\/wp\/v2\/media?parent=4803"}],"wp:term":[{"taxonomy":"category","embeddable":true,"href":"https:\/\/boletinfacs.com.mx\/index.php\/wp-json\/wp\/v2\/categories?post=4803"},{"taxonomy":"post_tag","embeddable":true,"href":"https:\/\/boletinfacs.com.mx\/index.php\/wp-json\/wp\/v2\/tags?post=4803"}],"curies":[{"name":"wp","href":"https:\/\/api.w.org\/{rel}","templated":true}]}}